{"id":19724,"date":"2026-08-29T03:00:00","date_gmt":"2026-08-29T06:00:00","guid":{"rendered":"https:\/\/bencaodiaria.club\/pt\/?p=19724"},"modified":"2026-06-22T17:13:01","modified_gmt":"2026-06-22T20:13:01","slug":"fe-e-paz-o-que-lucas-1038-42-ensina-sobre-prioridades","status":"publish","type":"post","link":"https:\/\/bencaodiaria.club\/it\/fe-e-paz-o-que-lucas-1038-42-ensina-sobre-prioridades\/","title":{"rendered":"Fede e pace: cosa insegna Luca 10:38-42 sulle priorit\u00e0"},"content":{"rendered":"<div class=\"wp-block-group article-summary\"><div class=\"wp-block-group__inner-container is-layout-flow wp-block-group-is-layout-flow\">\r\n<p>Scoprirai come conciliare le esigenze della vita moderna con il vitale bisogno di coltivare la tua vita spirituale. Il testo esplora l&#039;incontro di Ges\u00f9 con Marta e Maria per insegnare il valore della presenza e del riposo in Dio.<\/p>\r\n<\/div><\/div>\r\n\r\n\r\n\r\n<div class=\"wp-block-group quick-answer\"><div class=\"wp-block-group__inner-container is-layout-flow wp-block-group-is-layout-flow\">\r\n<p>Il brano di Luca 10 insegna che la priorit\u00e0 della vita cristiana dovrebbe essere l&#039;ascolto della Parola di Dio, piuttosto che un attivismo incessante. Ges\u00f9 non condanna l&#039;operato di Marta, ma avverte che l&#039;ansia e la distrazione possono allontanare da ci\u00f2 che \u00e8 essenziale.<\/p>\r\n\r\n\r\n\r\n<p>Per mettere in pratica questo insegnamento, \u00e8 necessario cercare momenti di silenzio e preghiera tra le attivit\u00e0 quotidiane. Scegliere la parte migliore significa dare priorit\u00e0 al rapporto con Dio rispetto alla vana produttivit\u00e0, trovando cos\u00ec la vera pace spirituale.<\/p>\r\n<\/div><\/div>\r\n\r\n\r\n\r\n<h2 class=\"wp-block-heading\">L&#039;incontro a Betania<\/h2>\r\n\r\n\r\n\r\n<p>Avete mai avuto la sensazione che la vita vi chieda pi\u00f9 di quanto possiate dare? A Betania, Ges\u00f9 fu accolto nella casa di due sorelle che rappresentano i due lati della nostra anima. L&#039;ambientazione \u00e8 comune, ma la lezione che emerge da questo incontro \u00e8 profonda e senza tempo per coloro che sono in cerca di una guida.<\/p>\r\n\r\n\r\n\r\n<h2 class=\"wp-block-heading\">L&#039;ospitalit\u00e0 di Marta<\/h2>\r\n\r\n\r\n\r\n<p>Marta si \u00e8 assunta la responsabilit\u00e0 di servire. Incarna la diligenza e la cura per i bisogni pratici. Potresti identificarti con lei nel cercare di assicurarsi che tutto sia perfetto per gli altri, spesso dimenticando di prendersi cura di s\u00e9 stessa.<\/p>\r\n\r\n\r\n\r\n<h2 class=\"wp-block-heading\">Attivismo e ansia<\/h2>\r\n\r\n\r\n\r\n<p>Il lavoro di Marta si trasform\u00f2 presto in agitazione. Quando fare diventa pi\u00f9 importante che essere, subentra l&#039;ansia. Ci si rende conto di essere in questo stato quando i compiti cessano di essere un atto d&#039;amore e diventano un peso che genera irritazione ed estrema stanchezza.<\/p>\r\n\r\n\r\n\r\n<h2 class=\"wp-block-heading\">La postura di Maria<\/h2>\r\n\r\n\r\n\r\n<p>Mentre Marta si affrettava, Maria scelse di riposare. Si sedette ai piedi di Ges\u00f9, in posizione di discepola, pronta ad assorbire ogni insegnamento. Questa scelta rivela che la vera ospitalit\u00e0 inizia con un&#039;attenzione dedicata e un cuore aperto ad ascoltare la Parola di Dio.<\/p>\r\n\r\n\r\n\r\n<h3 class=\"wp-block-heading\">Il valore dell&#039;ascolto attivo<\/h3>\r\n\r\n\r\n\r\n<p>Ascoltare richiede il coraggio di fermarsi. Nel mondo digitale, siamo bombardati da un rumore costante, ma la speranza cristiana si rafforza nel silenzio dell&#039;ascolto. Maria comprese che nulla di ci\u00f2 che avrebbe potuto offrire a Ges\u00f9 sarebbe stato pi\u00f9 prezioso della sua presenza attenta e umile.<\/p>\r\n\r\n\r\n\r\n<h2 class=\"wp-block-heading\">Il conflitto tra le sorelle<\/h2>\r\n\r\n\r\n\r\n<p>Marta, sentendosi sopraffatta, interrog\u00f2 Ges\u00f9 sull&#039;atteggiamento di Maria. Questo momento rivela come la stanchezza possa portare al confronto e al giudizio. Potresti ritrovarti a chiederti perch\u00e9 gli altri sembrano riposare mentre tu porti il peso del mondo sulle spalle.<\/p>\r\n\r\n\r\n\r\n<h3 class=\"wp-block-heading\">La denuncia di Marta<\/h3>\r\n\r\n\r\n\r\n<p>\u00abSignore, non ti importa?\u00bb La domanda di Marta risuona ancora oggi in molti cuori. \u00c8 il grido di coloro che si sentono soli nelle loro battaglie quotidiane. Ges\u00f9, tuttavia, non risponde con un duro rimprovero, ma con un invito a riflettere sull&#039;origine di tanta agitazione interiore.<\/p>\r\n\r\n\r\n\r\n<h2 class=\"wp-block-heading\">La risposta amorevole di Ges\u00f9<\/h2>\r\n\r\n\r\n\r\n<p>Marta, Marta, tu sei ansiosa e affaticata per molte cose. Ripetendo il suo nome, Ges\u00f9 dimostra una profonda tenerezza. Vede la sua fatica, ma vede anche come la sua pace spirituale venga sacrificata sull&#039;altare di una produttivit\u00e0 che non colma il vuoto.<\/p>\r\n\r\n\r\n\r\n<h2 class=\"wp-block-heading\">L&#039;unica cosa necessaria<\/h2>\r\n\r\n\r\n\r\n<p>Ges\u00f9 afferma che \u00e8 necessaria una sola cosa. Semplifica la vita che noi ostiniamo a complicare. Questa cosa \u00e8 la relazione vitale con Lui, che sostiene tutte le altre attivit\u00e0 e d\u00e0 significato al lavoro che svolgiamo quotidianamente con fede.<\/p>\r\n\r\n\r\n\r\n<h2 class=\"wp-block-heading\">Il significato della parte migliore<\/h2>\r\n\r\n\r\n\r\n<p>La parte migliore scelta da Maria non le sarebbe stata tolta. Questo significa che ci\u00f2 che costruisci alla presenza di Dio \u00e8 eterno. Mentre le faccende domestiche e professionali sono effimere, la parola piantata oggi nel tuo cuore produce frutti che durano per sempre.<\/p>\r\n\r\n\r\n\r\n<h2 class=\"wp-block-heading\">Il pericolo della distrazione spirituale<\/h2>\r\n\r\n\r\n\r\n<p>Essere occupati con cose positive pu\u00f2 distrarvi da ci\u00f2 che \u00e8 pi\u00f9 importante. La distrazione spirituale si verifica quando la routine religiosa o le funzioni in chiesa prendono il posto della vera intimit\u00e0. Bisogna stare attenti affinch\u00e9 fare cose per Dio non uccida il vostro amore per Lui.<\/p>\r\n\r\n\r\n\r\n<h2 class=\"wp-block-heading\">Confidare in Dio nei compiti<\/h2>\r\n\r\n\r\n\r\n<p>Confidare in Dio ti permette di lavorare con serenit\u00e0. Quando sai che Lui ha tutto sotto controllo, la fretta scompare. Inizi a comprendere che la tua forza nella fede non deriva dalla tua capacit\u00e0 di risolvere ogni cosa, ma dalla tua capacit\u00e0 di riposare nel Signore.<\/p>\r\n\r\n\r\n\r\n<h3 class=\"wp-block-heading\">Pace in mezzo al caos<\/h3>\r\n\r\n\r\n\r\n<p>Avere pace non significa assenza di problemi, ma presenza di uno scopo. Anche con una lunga lista di cose da fare, puoi tenere il tuo cuore ai piedi di Ges\u00f9. Questa pace spirituale \u00e8 un dono che il mondo non pu\u00f2 dare e che le circostanze non possono rubare.<\/p>\r\n\r\n\r\n\r\n<h2 class=\"wp-block-heading\">I millennial e la pressione sociale<\/h2>\r\n\r\n\r\n\r\n<p>In quanto millennial, subisci una pressione costante per essere autentico e di successo. Il confronto sui social media \u00e8 come la lamentela di Marta. Il Vangelo ti invita a trovare la tua validazione nel messaggio di Dio, non nell&#039;approvazione degli altri.<\/p>\r\n\r\n\r\n\r\n<h2 class=\"wp-block-heading\">Ridefinire la produttivit\u00e0<\/h2>\r\n\r\n\r\n\r\n<p>La vera produttivit\u00e0 nel Regno di Dio si misura con la fedelt\u00e0, non con la quantit\u00e0. Dedicare del tempo alla preghiera quotidiana pu\u00f2 sembrare una perdita di tempo in un mondo frenetico, ma \u00e8 l&#039;investimento che garantisce che le tue azioni abbiano un impatto reale e duraturo.<\/p>\r\n\r\n\r\n\r\n<h2 class=\"wp-block-heading\">Esempio pratico di definizione delle priorit\u00e0<\/h2>\r\n\r\n\r\n\r\n<p>Immagina di iniziare la giornata disattivando le notifiche e aprendo un versetto della Bibbia. Prima di controllare le email, decidi di sederti e ascoltare. Questo piccolo gesto trasforma Marta in Maria per qualche minuto, preparando il tuo spirito alle sfide future.<\/p>\r\n\r\n\r\n\r\n<h2 class=\"wp-block-heading\">Protezione divina della mente<\/h2>\r\n\r\n\r\n\r\n<p>Scegliendo la parte migliore, riceverete la protezione divina contro l&#039;esaurimento mentale. La Parola di Dio agisce come un filtro, eliminando le preoccupazioni inutili e rafforzando la vostra fede in Dio. \u00c8 uno scudo che mantiene la vostra mente sana in un mondo caotico.<\/p>\r\n\r\n\r\n\r\n<h3 class=\"wp-block-heading\">La fede al di l\u00e0 degli obblighi<\/h3>\r\n\r\n\r\n\r\n<p>La tua fede non dovrebbe essere solo un elenco di regole o compiti da svolgere. \u00c8 una relazione viva. Quando ti siedi ad ascoltare, permetti a Dio di plasmare il tuo carattere e rinnovare le tue forze. Questo significa vivere la fede con autenticit\u00e0 e profondit\u00e0 spirituale.<\/p>\r\n\r\n\r\n\r\n<h2 class=\"wp-block-heading\">La preghiera del giorno come rituale<\/h2>\r\n\r\n\r\n\r\n<p>Stabilire una routine di preghiera quotidiana crea uno spazio sacro nella tua vita. Non \u00e8 un obbligo gravoso, ma un incontro programmato con Colui che ti ama pi\u00f9 di ogni altro. Questa abitudine coltiva la pace e ti assicura di non perderti tra le esigenze urgenti che cercano di rubarti l&#039;attenzione.<\/p>\r\n\r\n\r\n\r\n<h2 class=\"wp-block-heading\">Il messaggio di Dio oggi<\/h2>\r\n\r\n\r\n\r\n<p>Il messaggio di Dio per te in questo momento \u00e8 chiaro: fermati un attimo. Non vuole solo il tuo servizio, vuole te. Lasciati avvolgere da questa grazia che non esige prestazioni, ma apprezza la tua presenza e il tuo sincero desiderio di essere vicino al Padre.<\/p>\r\n\r\n\r\n\r\n<h2 class=\"wp-block-heading\">Forza nella fede per il domani<\/h2>\r\n\r\n\r\n\r\n<p>La forza necessaria per affrontare il domani deriva dal riposo che hai oggi. Seguendo l&#039;esempio di Maria, accumuli tesori spirituali che costituiranno il fondamento delle tue decisioni future. La speranza cristiana \u00e8 l&#039;ancora che ti mantiene saldo in ogni tempesta.<\/p>\r\n\r\n\r\n\r\n<h3 class=\"wp-block-heading\">Coltivare la pace interiore<\/h3>\r\n\r\n\r\n\r\n<p>La pace interiore si coltiva attraverso la disciplina della resa. Affidando le tue preoccupazioni a Dio, liberi spazio per la gioia. Questo processo di fiducia in Dio \u00e8 continuo e richiede che tu scelga, ogni giorno, di sederti di nuovo ai piedi del Maestro.<\/p>\r\n\r\n\r\n\r\n<h2 class=\"wp-block-heading\">Il versetto biblico che ti libera<\/h2>\r\n\r\n\r\n\r\n<p>Luca 10:42 \u00e8 il versetto biblico che dovrebbe risuonare nella tua mente quando la pressione aumenta. Ti ricorda che la parte migliore ti appartiene per diritto di scelta. Usa questa verit\u00e0 per liberarti dal senso di colpa di non essere sempre produttivo secondo gli standard umani.<\/p>\r\n\r\n\r\n\r\n<h2 class=\"wp-block-heading\">Trasformare la routine in adorazione<\/h2>\r\n\r\n\r\n\r\n<p>Puoi servire come Marta, con il cuore di Maria. Questo accade quando ogni compito viene svolto con la consapevolezza della presenza di Dio. In questo modo, il tuo lavoro diventa una forma di adorazione e la tua agitazione lascia il posto a un servizio sereno, pieno di significato e di fede.<\/p>\r\n\r\n\r\n\r\n<h3 class=\"wp-block-heading\">Santit\u00e0 nella vita quotidiana<\/h3>\r\n\r\n\r\n\r\n<p>La santit\u00e0 non si manifesta solo nelle grandi opere, ma nella costante scelta di ci\u00f2 che \u00e8 essenziale. Nella vita di tutti i giorni, questo si traduce nella scelta della pazienza, dell&#039;ascolto e della preghiera. Sei chiamato a essere luce nel mondo, e quella luce brilla pi\u00f9 intensamente quando sei pieno della Parola.<\/p>\r\n\r\n\r\n\r\n<h2 class=\"wp-block-heading\">La parola di oggi per te<\/h2>\r\n\r\n\r\n\r\n<p>Accogli il messaggio di oggi come un balsamo per la tua anima stanca. Dio conosce le tue difficolt\u00e0 e apprezza il tuo desiderio di fare il bene. Ti invita a un momento di intimit\u00e0 che rinnover\u00e0 la tua visione e ti dar\u00e0 chiarezza sui prossimi passi del tuo cammino cristiano.<\/p>\r\n\r\n\r\n\r\n<h2 class=\"wp-block-heading\">Conclusione del viaggio a Betania<\/h2>\r\n\r\n\r\n\r\n<p>Marta e Maria ci insegnano che la vita con Dio richiede equilibrio. Non \u00e8 necessario abbandonare le proprie responsabilit\u00e0, ma bisogna assicurarsi che non prendano il posto di Ges\u00f9. Scegliete oggi la parte migliore e lasciate che la pace di Dio governi il vostro cuore in ogni momento.<\/p>\r\n\r\n\r\n\r\n<section class=\"faq\">\r\n<h2>Domande frequenti<\/h2>\r\n<details>\r\n<summary>Ges\u00f9 stava forse criticando il lavoro domestico di Marta?<\/summary>\r\n<p>No, Ges\u00f9 non stava criticando il lavoro in s\u00e9, ma piuttosto l&#039;ansia e la distrazione che la preoccupazione eccessiva generava in lei. Il servizio \u00e8 importante e necessario, ma dovrebbe essere il frutto di un cuore che si \u00e8 prima riposato nella presenza del Signore, impedendo che il compito diventi un idolo o una fonte di irritazione.<\/p>\r\n<\/details><details>\r\n<summary>Come posso scegliere la parte migliore della mia frenetica routine?<\/summary>\r\n<p>Puoi scegliere la parte migliore adottando alcune semplici pratiche:<br \/>1. Dedica i primi minuti della giornata alla lettura di un versetto della Bibbia.<br \/>2. Concediti brevi pause per la preghiera silenziosa durante il lavoro.<br \/>3. Praticare l&#039;ascolto attivo durante le funzioni religiose o i momenti di lettura spirituale.<br \/>4. Disconnettiti dalle distrazioni digitali per concentrarti sulla presenza di Dio.<\/p>\r\n<\/details><details>\r\n<summary>Qual \u00e8 la lezione principale di Luca 10:38-42 per oggi?<\/summary>\r\n<p>La lezione principale \u00e8 dare priorit\u00e0 al nostro rapporto con Dio rispetto all&#039;attivismo. In una cultura che valorizza la costante frenesia, Ges\u00f9 ci ricorda che stare con Lui \u00e8 l&#039;unica cosa veramente necessaria. Questa scelta ci protegge dal burnout emotivo e assicura che la nostra vita abbia solide fondamenta nella fede.<\/p>\r\n<\/details><\/section>\r\n\r\n\r\n\r\n<div class=\"wp-block-group article-footer\"><div class=\"wp-block-group__inner-container is-layout-flow wp-block-group-is-layout-flow\">\r\n<p>Prenditi un momento ora per calmare il tuo cuore e recita la tua preghiera del giorno. Chiedi a Dio di aiutarti a identificare ci\u00f2 che ti sta rubando la pace e scegli consapevolmente di sederti ai piedi di Ges\u00f9 per ascoltare la Sua voce. Condividi questo messaggio con qualcuno che oggi ha bisogno di riposo spirituale.<\/p>\r\n<\/div><\/div>","protected":false},"excerpt":{"rendered":"<p>Voc\u00ea descobrir\u00e1 como equilibrar as demandas da rotina moderna com a necessidade vital de nutrir sua vida espiritual. O texto explora o&#8230;<\/p>","protected":false},"author":26,"featured_media":19777,"comment_status":"closed","ping_status":"closed","sticky":false,"template":"","format":"standard","meta":{"ghostkit_customizer_options":"","ghostkit_custom_css":"","ghostkit_custom_js_head":"","ghostkit_custom_js_foot":"","ghostkit_typography":"","_mc_post_carrossel_enabled":"","_mc_post_carrossel_paragraph":0,"_mc_post_botao_enabled":"","_mc_post_botao_variant":-1,"_mc_post_botao_paragraph":0,"_mc_post_cin_enabled":"","_mc_post_cin_text_variant":-1,"_mc_post_cin_paragraph":0,"_mc_post_avn_enabled":"","_mc_post_avn_text_variant":-1,"_mc_post_avn_paragraph":0,"_mc_post_quiz_inline_enabled":"","_mc_post_quiz_inline_paragraph":0,"_mc_post_comparador_enabled":"","_mc_post_comparador_paragraph":0,"_mc_post_card_download_enabled":"","_mc_post_card_download_paragraph":0,"footnotes":""},"categories":[11],"tags":[141,275,2565],"class_list":["post-19724","post","type-post","status-publish","format-standard","has-post-thumbnail","hentry","category-evangelho-do-dia","tag-fe","tag-palavra-de-deus","tag-paz","entry"],"yoast_head":"<!-- This site is optimized with the Yoast SEO plugin v27.6 - https:\/\/yoast.com\/product\/yoast-seo-wordpress\/ -->\n<title>F\u00e9 e Paz: O que Lucas 10,38-42 ensina sobre prioridades - Ben\u00e7\u00e3o Di\u00e1ria<\/title>\n<meta name=\"robots\" content=\"index, follow, max-snippet:-1, max-image-preview:large, max-video-preview:-1\" \/>\n<link rel=\"canonical\" href=\"http:\/\/bencaodiaria.club\/it\/fe-e-paz-o-que-lucas-1038-42-ensina-sobre-prioridades\/\" \/>\n<meta property=\"og:locale\" content=\"it_IT\" \/>\n<meta property=\"og:type\" content=\"article\" \/>\n<meta property=\"og:title\" content=\"F\u00e9 e Paz: O que Lucas 10,38-42 ensina sobre prioridades - Ben\u00e7\u00e3o Di\u00e1ria\" \/>\n<meta property=\"og:description\" content=\"Voc\u00ea descobrir\u00e1 como equilibrar as demandas da rotina moderna com a necessidade vital de nutrir sua vida espiritual. O texto explora o...\" \/>\n<meta property=\"og:url\" content=\"http:\/\/bencaodiaria.club\/it\/fe-e-paz-o-que-lucas-1038-42-ensina-sobre-prioridades\/\" \/>\n<meta property=\"og:site_name\" content=\"Ben\u00e7\u00e3o Di\u00e1ria\" \/>\n<meta property=\"article:published_time\" content=\"2026-08-29T06:00:00+00:00\" \/>\n<meta property=\"og:image\" content=\"http:\/\/bencaodiaria.club\/wp-content\/uploads\/2026\/08\/pexels-anntarazevich-7466999-scaled.jpg\" \/>\n\t<meta property=\"og:image:width\" content=\"2560\" \/>\n\t<meta property=\"og:image:height\" content=\"1706\" \/>\n\t<meta property=\"og:image:type\" content=\"image\/jpeg\" \/>\n<meta name=\"author\" content=\"Amanda\" \/>\n<meta name=\"twitter:card\" content=\"summary_large_image\" \/>\n<meta name=\"twitter:label1\" content=\"Scritto da\" \/>\n\t<meta name=\"twitter:data1\" content=\"Amanda\" \/>\n\t<meta name=\"twitter:label2\" content=\"Tempo di lettura stimato\" \/>\n\t<meta name=\"twitter:data2\" content=\"10 minuti\" \/>\n<script type=\"application\/ld+json\" class=\"yoast-schema-graph\">{\"@context\":\"https:\\\/\\\/schema.org\",\"@graph\":[{\"@type\":\"Article\",\"@id\":\"http:\\\/\\\/bencaodiaria.club\\\/fe-e-paz-o-que-lucas-1038-42-ensina-sobre-prioridades\\\/#article\",\"isPartOf\":{\"@id\":\"http:\\\/\\\/bencaodiaria.club\\\/fe-e-paz-o-que-lucas-1038-42-ensina-sobre-prioridades\\\/\"},\"author\":{\"name\":\"Amanda\",\"@id\":\"https:\\\/\\\/bencaodiaria.club\\\/#\\\/schema\\\/person\\\/c90d58db6417fc97c45b9caa3d993fbd\"},\"headline\":\"F\u00e9 e Paz: O que Lucas 10,38-42 ensina sobre prioridades\",\"datePublished\":\"2026-08-29T06:00:00+00:00\",\"mainEntityOfPage\":{\"@id\":\"http:\\\/\\\/bencaodiaria.club\\\/fe-e-paz-o-que-lucas-1038-42-ensina-sobre-prioridades\\\/\"},\"wordCount\":1892,\"publisher\":{\"@id\":\"https:\\\/\\\/bencaodiaria.club\\\/#organization\"},\"image\":{\"@id\":\"http:\\\/\\\/bencaodiaria.club\\\/fe-e-paz-o-que-lucas-1038-42-ensina-sobre-prioridades\\\/#primaryimage\"},\"thumbnailUrl\":\"https:\\\/\\\/bencaodiaria.club\\\/wp-content\\\/uploads\\\/2026\\\/08\\\/pexels-anntarazevich-7466999-scaled.jpg\",\"keywords\":[\"f\u00e9\",\"Palavra de Deus\",\"Paz\"],\"articleSection\":[\"Evangelho do Dia\"],\"inLanguage\":\"it-IT\"},{\"@type\":\"WebPage\",\"@id\":\"http:\\\/\\\/bencaodiaria.club\\\/fe-e-paz-o-que-lucas-1038-42-ensina-sobre-prioridades\\\/\",\"url\":\"http:\\\/\\\/bencaodiaria.club\\\/fe-e-paz-o-que-lucas-1038-42-ensina-sobre-prioridades\\\/\",\"name\":\"F\u00e9 e Paz: O que Lucas 10,38-42 ensina sobre prioridades - Ben\u00e7\u00e3o Di\u00e1ria\",\"isPartOf\":{\"@id\":\"https:\\\/\\\/bencaodiaria.club\\\/#website\"},\"primaryImageOfPage\":{\"@id\":\"http:\\\/\\\/bencaodiaria.club\\\/fe-e-paz-o-que-lucas-1038-42-ensina-sobre-prioridades\\\/#primaryimage\"},\"image\":{\"@id\":\"http:\\\/\\\/bencaodiaria.club\\\/fe-e-paz-o-que-lucas-1038-42-ensina-sobre-prioridades\\\/#primaryimage\"},\"thumbnailUrl\":\"https:\\\/\\\/bencaodiaria.club\\\/wp-content\\\/uploads\\\/2026\\\/08\\\/pexels-anntarazevich-7466999-scaled.jpg\",\"datePublished\":\"2026-08-29T06:00:00+00:00\",\"breadcrumb\":{\"@id\":\"http:\\\/\\\/bencaodiaria.club\\\/fe-e-paz-o-que-lucas-1038-42-ensina-sobre-prioridades\\\/#breadcrumb\"},\"inLanguage\":\"it-IT\",\"potentialAction\":[{\"@type\":\"ReadAction\",\"target\":[\"http:\\\/\\\/bencaodiaria.club\\\/fe-e-paz-o-que-lucas-1038-42-ensina-sobre-prioridades\\\/\"]}]},{\"@type\":\"ImageObject\",\"inLanguage\":\"it-IT\",\"@id\":\"http:\\\/\\\/bencaodiaria.club\\\/fe-e-paz-o-que-lucas-1038-42-ensina-sobre-prioridades\\\/#primaryimage\",\"url\":\"https:\\\/\\\/bencaodiaria.club\\\/wp-content\\\/uploads\\\/2026\\\/08\\\/pexels-anntarazevich-7466999-scaled.jpg\",\"contentUrl\":\"https:\\\/\\\/bencaodiaria.club\\\/wp-content\\\/uploads\\\/2026\\\/08\\\/pexels-anntarazevich-7466999-scaled.jpg\",\"width\":2560,\"height\":1706,\"caption\":\"Post Image\"},{\"@type\":\"BreadcrumbList\",\"@id\":\"http:\\\/\\\/bencaodiaria.club\\\/fe-e-paz-o-que-lucas-1038-42-ensina-sobre-prioridades\\\/#breadcrumb\",\"itemListElement\":[{\"@type\":\"ListItem\",\"position\":1,\"name\":\"Home\",\"item\":\"https:\\\/\\\/bencaodiaria.club\\\/\"},{\"@type\":\"ListItem\",\"position\":2,\"name\":\"F\u00e9 e Paz: O que Lucas 10,38-42 ensina sobre prioridades\"}]},{\"@type\":\"WebSite\",\"@id\":\"https:\\\/\\\/bencaodiaria.club\\\/#website\",\"url\":\"https:\\\/\\\/bencaodiaria.club\\\/\",\"name\":\"Ben\u00e7\u00e3o Di\u00e1ria\",\"description\":\"A Palavra de Deus todos os dias\",\"publisher\":{\"@id\":\"https:\\\/\\\/bencaodiaria.club\\\/#organization\"},\"potentialAction\":[{\"@type\":\"SearchAction\",\"target\":{\"@type\":\"EntryPoint\",\"urlTemplate\":\"https:\\\/\\\/bencaodiaria.club\\\/?s={search_term_string}\"},\"query-input\":{\"@type\":\"PropertyValueSpecification\",\"valueRequired\":true,\"valueName\":\"search_term_string\"}}],\"inLanguage\":\"it-IT\"},{\"@type\":\"Organization\",\"@id\":\"https:\\\/\\\/bencaodiaria.club\\\/#organization\",\"name\":\"Ben\u00e7\u00e3o Di\u00e1ria\",\"url\":\"https:\\\/\\\/bencaodiaria.club\\\/\",\"logo\":{\"@type\":\"ImageObject\",\"inLanguage\":\"it-IT\",\"@id\":\"https:\\\/\\\/bencaodiaria.club\\\/#\\\/schema\\\/logo\\\/image\\\/\",\"url\":\"https:\\\/\\\/bencaodiaria.club\\\/wp-content\\\/uploads\\\/2020\\\/06\\\/LOGO-MOBILE.png\",\"contentUrl\":\"https:\\\/\\\/bencaodiaria.club\\\/wp-content\\\/uploads\\\/2020\\\/06\\\/LOGO-MOBILE.png\",\"width\":100,\"height\":40,\"caption\":\"Ben\u00e7\u00e3o Di\u00e1ria\"},\"image\":{\"@id\":\"https:\\\/\\\/bencaodiaria.club\\\/#\\\/schema\\\/logo\\\/image\\\/\"}},{\"@type\":\"Person\",\"@id\":\"https:\\\/\\\/bencaodiaria.club\\\/#\\\/schema\\\/person\\\/c90d58db6417fc97c45b9caa3d993fbd\",\"name\":\"Amanda\",\"image\":{\"@type\":\"ImageObject\",\"inLanguage\":\"it-IT\",\"@id\":\"https:\\\/\\\/secure.gravatar.com\\\/avatar\\\/4cb1f044d5dbdac82211c9e7b8eebb8f4f50c0a9daccc1527afd812f2476ad6d?s=96&d=mm&r=g\",\"url\":\"https:\\\/\\\/secure.gravatar.com\\\/avatar\\\/4cb1f044d5dbdac82211c9e7b8eebb8f4f50c0a9daccc1527afd812f2476ad6d?s=96&d=mm&r=g\",\"contentUrl\":\"https:\\\/\\\/secure.gravatar.com\\\/avatar\\\/4cb1f044d5dbdac82211c9e7b8eebb8f4f50c0a9daccc1527afd812f2476ad6d?s=96&d=mm&r=g\",\"caption\":\"Amanda\"},\"description\":\"Jornalista especializada em conte\u00fado religioso e espiritualidade, com foco em f\u00e9 crist\u00e3, aplicativos crist\u00e3os e rotina devocional. Produz conte\u00fados informativos e acess\u00edveis, ajudando leitores a fortalecer sua vida espiritual por meio de ferramentas digitais e pr\u00e1ticas de f\u00e9 no dia a dia.\",\"url\":\"https:\\\/\\\/bencaodiaria.club\\\/it\\\/author\\\/amanda\\\/\"}]}<\/script>\n<!-- \/ Yoast SEO plugin. -->","yoast_head_json":{"title":"F\u00e9 e Paz: O que Lucas 10,38-42 ensina sobre prioridades - Ben\u00e7\u00e3o Di\u00e1ria","robots":{"index":"index","follow":"follow","max-snippet":"max-snippet:-1","max-image-preview":"max-image-preview:large","max-video-preview":"max-video-preview:-1"},"canonical":"http:\/\/bencaodiaria.club\/it\/fe-e-paz-o-que-lucas-1038-42-ensina-sobre-prioridades\/","og_locale":"it_IT","og_type":"article","og_title":"F\u00e9 e Paz: O que Lucas 10,38-42 ensina sobre prioridades - Ben\u00e7\u00e3o Di\u00e1ria","og_description":"Voc\u00ea descobrir\u00e1 como equilibrar as demandas da rotina moderna com a necessidade vital de nutrir sua vida espiritual. O texto explora o...","og_url":"http:\/\/bencaodiaria.club\/it\/fe-e-paz-o-que-lucas-1038-42-ensina-sobre-prioridades\/","og_site_name":"Ben\u00e7\u00e3o Di\u00e1ria","article_published_time":"2026-08-29T06:00:00+00:00","og_image":[{"width":2560,"height":1706,"url":"http:\/\/bencaodiaria.club\/wp-content\/uploads\/2026\/08\/pexels-anntarazevich-7466999-scaled.jpg","type":"image\/jpeg"}],"author":"Amanda","twitter_card":"summary_large_image","twitter_misc":{"Scritto da":"Amanda","Tempo di lettura stimato":"10 minuti"},"schema":{"@context":"https:\/\/schema.org","@graph":[{"@type":"Article","@id":"http:\/\/bencaodiaria.club\/fe-e-paz-o-que-lucas-1038-42-ensina-sobre-prioridades\/#article","isPartOf":{"@id":"http:\/\/bencaodiaria.club\/fe-e-paz-o-que-lucas-1038-42-ensina-sobre-prioridades\/"},"author":{"name":"Amanda","@id":"https:\/\/bencaodiaria.club\/#\/schema\/person\/c90d58db6417fc97c45b9caa3d993fbd"},"headline":"F\u00e9 e Paz: O que Lucas 10,38-42 ensina sobre prioridades","datePublished":"2026-08-29T06:00:00+00:00","mainEntityOfPage":{"@id":"http:\/\/bencaodiaria.club\/fe-e-paz-o-que-lucas-1038-42-ensina-sobre-prioridades\/"},"wordCount":1892,"publisher":{"@id":"https:\/\/bencaodiaria.club\/#organization"},"image":{"@id":"http:\/\/bencaodiaria.club\/fe-e-paz-o-que-lucas-1038-42-ensina-sobre-prioridades\/#primaryimage"},"thumbnailUrl":"https:\/\/bencaodiaria.club\/wp-content\/uploads\/2026\/08\/pexels-anntarazevich-7466999-scaled.jpg","keywords":["f\u00e9","Palavra de Deus","Paz"],"articleSection":["Evangelho do Dia"],"inLanguage":"it-IT"},{"@type":"WebPage","@id":"http:\/\/bencaodiaria.club\/fe-e-paz-o-que-lucas-1038-42-ensina-sobre-prioridades\/","url":"http:\/\/bencaodiaria.club\/fe-e-paz-o-que-lucas-1038-42-ensina-sobre-prioridades\/","name":"F\u00e9 e Paz: O que Lucas 10,38-42 ensina sobre prioridades - Ben\u00e7\u00e3o Di\u00e1ria","isPartOf":{"@id":"https:\/\/bencaodiaria.club\/#website"},"primaryImageOfPage":{"@id":"http:\/\/bencaodiaria.club\/fe-e-paz-o-que-lucas-1038-42-ensina-sobre-prioridades\/#primaryimage"},"image":{"@id":"http:\/\/bencaodiaria.club\/fe-e-paz-o-que-lucas-1038-42-ensina-sobre-prioridades\/#primaryimage"},"thumbnailUrl":"https:\/\/bencaodiaria.club\/wp-content\/uploads\/2026\/08\/pexels-anntarazevich-7466999-scaled.jpg","datePublished":"2026-08-29T06:00:00+00:00","breadcrumb":{"@id":"http:\/\/bencaodiaria.club\/fe-e-paz-o-que-lucas-1038-42-ensina-sobre-prioridades\/#breadcrumb"},"inLanguage":"it-IT","potentialAction":[{"@type":"ReadAction","target":["http:\/\/bencaodiaria.club\/fe-e-paz-o-que-lucas-1038-42-ensina-sobre-prioridades\/"]}]},{"@type":"ImageObject","inLanguage":"it-IT","@id":"http:\/\/bencaodiaria.club\/fe-e-paz-o-que-lucas-1038-42-ensina-sobre-prioridades\/#primaryimage","url":"https:\/\/bencaodiaria.club\/wp-content\/uploads\/2026\/08\/pexels-anntarazevich-7466999-scaled.jpg","contentUrl":"https:\/\/bencaodiaria.club\/wp-content\/uploads\/2026\/08\/pexels-anntarazevich-7466999-scaled.jpg","width":2560,"height":1706,"caption":"Post Image"},{"@type":"BreadcrumbList","@id":"http:\/\/bencaodiaria.club\/fe-e-paz-o-que-lucas-1038-42-ensina-sobre-prioridades\/#breadcrumb","itemListElement":[{"@type":"ListItem","position":1,"name":"Home","item":"https:\/\/bencaodiaria.club\/"},{"@type":"ListItem","position":2,"name":"F\u00e9 e Paz: O que Lucas 10,38-42 ensina sobre prioridades"}]},{"@type":"WebSite","@id":"https:\/\/bencaodiaria.club\/#website","url":"https:\/\/bencaodiaria.club\/","name":"Benedizione quotidiana","description":"La Parola di Dio ogni giorno","publisher":{"@id":"https:\/\/bencaodiaria.club\/#organization"},"potentialAction":[{"@type":"SearchAction","target":{"@type":"EntryPoint","urlTemplate":"https:\/\/bencaodiaria.club\/?s={search_term_string}"},"query-input":{"@type":"PropertyValueSpecification","valueRequired":true,"valueName":"search_term_string"}}],"inLanguage":"it-IT"},{"@type":"Organization","@id":"https:\/\/bencaodiaria.club\/#organization","name":"Benedizione quotidiana","url":"https:\/\/bencaodiaria.club\/","logo":{"@type":"ImageObject","inLanguage":"it-IT","@id":"https:\/\/bencaodiaria.club\/#\/schema\/logo\/image\/","url":"https:\/\/bencaodiaria.club\/wp-content\/uploads\/2020\/06\/LOGO-MOBILE.png","contentUrl":"https:\/\/bencaodiaria.club\/wp-content\/uploads\/2020\/06\/LOGO-MOBILE.png","width":100,"height":40,"caption":"Ben\u00e7\u00e3o Di\u00e1ria"},"image":{"@id":"https:\/\/bencaodiaria.club\/#\/schema\/logo\/image\/"}},{"@type":"Person","@id":"https:\/\/bencaodiaria.club\/#\/schema\/person\/c90d58db6417fc97c45b9caa3d993fbd","name":"Amanda","image":{"@type":"ImageObject","inLanguage":"it-IT","@id":"https:\/\/secure.gravatar.com\/avatar\/4cb1f044d5dbdac82211c9e7b8eebb8f4f50c0a9daccc1527afd812f2476ad6d?s=96&d=mm&r=g","url":"https:\/\/secure.gravatar.com\/avatar\/4cb1f044d5dbdac82211c9e7b8eebb8f4f50c0a9daccc1527afd812f2476ad6d?s=96&d=mm&r=g","contentUrl":"https:\/\/secure.gravatar.com\/avatar\/4cb1f044d5dbdac82211c9e7b8eebb8f4f50c0a9daccc1527afd812f2476ad6d?s=96&d=mm&r=g","caption":"Amanda"},"description":"Giornalista specializzata in contenuti religiosi e spirituali, con particolare attenzione alla fede cristiana, alle app cristiane e alle pratiche devozionali. Produce contenuti informativi e accessibili, aiutando i lettori a rafforzare la propria vita spirituale attraverso strumenti digitali e pratiche di fede quotidiane.","url":"https:\/\/bencaodiaria.club\/it\/author\/amanda\/"}]}},"brizy_media":[],"_links":{"self":[{"href":"https:\/\/bencaodiaria.club\/it\/wp-json\/wp\/v2\/posts\/19724","targetHints":{"allow":["GET"]}}],"collection":[{"href":"https:\/\/bencaodiaria.club\/it\/wp-json\/wp\/v2\/posts"}],"about":[{"href":"https:\/\/bencaodiaria.club\/it\/wp-json\/wp\/v2\/types\/post"}],"author":[{"embeddable":true,"href":"https:\/\/bencaodiaria.club\/it\/wp-json\/wp\/v2\/users\/26"}],"replies":[{"embeddable":true,"href":"https:\/\/bencaodiaria.club\/it\/wp-json\/wp\/v2\/comments?post=19724"}],"version-history":[{"count":1,"href":"https:\/\/bencaodiaria.club\/it\/wp-json\/wp\/v2\/posts\/19724\/revisions"}],"predecessor-version":[{"id":19778,"href":"https:\/\/bencaodiaria.club\/it\/wp-json\/wp\/v2\/posts\/19724\/revisions\/19778"}],"wp:featuredmedia":[{"embeddable":true,"href":"https:\/\/bencaodiaria.club\/it\/wp-json\/wp\/v2\/media\/19777"}],"wp:attachment":[{"href":"https:\/\/bencaodiaria.club\/it\/wp-json\/wp\/v2\/media?parent=19724"}],"wp:term":[{"taxonomy":"category","embeddable":true,"href":"https:\/\/bencaodiaria.club\/it\/wp-json\/wp\/v2\/categories?post=19724"},{"taxonomy":"post_tag","embeddable":true,"href":"https:\/\/bencaodiaria.club\/it\/wp-json\/wp\/v2\/tags?post=19724"}],"curies":[{"name":"wp","href":"https:\/\/api.w.org\/{rel}","templated":true}]}}