{"id":19073,"date":"2026-03-14T10:52:00","date_gmt":"2026-03-14T13:52:00","guid":{"rendered":"https:\/\/bencaodiaria.club\/?p=19073"},"modified":"2026-03-13T18:04:01","modified_gmt":"2026-03-13T21:04:01","slug":"reflexao-inspiradora-em-lc-189-14-e-humildade","status":"publish","type":"post","link":"https:\/\/bencaodiaria.club\/es\/reflexao-inspiradora-em-lc-189-14-e-humildade\/","title":{"rendered":"Reflexi\u00f3n inspiradora sobre Lucas 18:9-14 y la humildad"},"content":{"rendered":"<blockquote><p><b><strong>Evangelio (<em>Lc<\/em>\u00a018,9-14):<\/strong>\u00a0<span id=\"gospel_norm\">A algunos que confiaban en su propia justicia y despreciaban a los dem\u00e1s, Jes\u00fas les cont\u00f3 esta par\u00e1bola: \u00abDos hombres subieron al templo a orar. Uno era fariseo y el otro publicano. El fariseo, de pie, oraba as\u00ed para s\u00ed: \u2018Dios, te doy gracias porque no soy como los dem\u00e1s hombres: ladrones, injustos, ad\u00falteros, ni siquiera como este publicano. Ayuno dos veces por semana y doy el diezmo de todo lo que gano\u2019. Pero el publicano, de pie a lo lejos, ni siquiera se atrev\u00eda a levantar los ojos al cielo, sino que se golpeaba el pecho, diciendo: \u2018Dios, ten misericordia de m\u00ed, que soy pecador\u2019. Les digo que este baj\u00f3 a su casa justificado, y no el otro. Porque todo el que se enaltece ser\u00e1 humillado, y el que se humilla ser\u00e1 enaltecido\u00bb.<\/span><\/b><\/p><\/blockquote>\n<p><b>Lucas 18<\/b>,Los vers\u00edculos 9 al 14 narran la historia del fariseo y el publicano. Esta par\u00e1bola es una invitaci\u00f3n a cambiar de coraz\u00f3n. Resalta la importancia de la humildad y de no creerse superior a los dem\u00e1s.<\/p>\n<p>Esta reflexi\u00f3n busca dar significado al texto b\u00edblico. Demuestra que la fe y la humildad pueden mejorar la sociedad. Queremos comprender mejor el Evangelio y ayudar a nuestra comunidad.<\/p>\n<p>Fray Gilvander Moreira nos ayuda a comprender el valor de la oraci\u00f3n sincera, no superficial. Sugiere que la humildad y el cuidado de los dem\u00e1s renuevan nuestra fe.<\/p>\n<h2>Contexto del Evangelio de Lucas y el viaje a Jerusal\u00e9n<\/h2>\n<p>El Evangelio de Lucas narra el viaje de Jes\u00fas a Jerusal\u00e9n. En este trayecto, Lucas muestra a Jes\u00fas ense\u00f1ando sobre \u00e9tica y desafiando el poder establecido. Este viaje se caracteriza por la cr\u00edtica social y la inclusi\u00f3n de los marginados.<\/p>\n<h3>La posici\u00f3n de la par\u00e1bola en Lucas<\/h3>\n<p>El relato de Lucas 18:9-14 transcurre durante un largo viaje a Jerusal\u00e9n. En este punto, Jes\u00fas habla con mayor profundidad sobre c\u00f3mo debemos actuar correctamente. Lucas centra esta historia en personas que se consideraban justas pero despreciaban a los dem\u00e1s. Esto muestra a qui\u00e9nes se dirig\u00eda Jes\u00fas y con qu\u00e9 intenci\u00f3n ense\u00f1aba.<\/p>\n<h3>Autor y tradici\u00f3n lucana<\/h3>\n<p>Lucas escribi\u00f3 pensando en los marginados, narrando la historia de c\u00f3mo Dios salva. Su p\u00fablico objetivo eran los habitantes de las ciudades, a quienes ense\u00f1aba sobre la importancia de compartir e incluir a los excluidos. Este enfoque demuestra la preocupaci\u00f3n de Lucas por los problemas sociales y su deseo de ayudar a los dem\u00e1s.<\/p>\n<h3>Intenci\u00f3n evangelizadora y social<\/h3>\n<p>La par\u00e1bola critica la religiosidad superficial y muestra una verdadera manera de conectar con Dios y con los dem\u00e1s. Los fariseos se presentan como ejemplos negativos, incluso en lo que respecta a la avaricia. Lucas critica la desigualdad econ\u00f3mica a trav\u00e9s de estas historias.<\/p>\n<p>En el Evangelio de Lucas, los fariseos y los recaudadores de impuestos representan los conflictos sociales de la \u00e9poca. Lucas elige al recaudador de impuestos como un ejemplo positivo, lo que sorprende a todos. Esta elecci\u00f3n subraya el mensaje social del evangelio, que promueve la justicia y la solidaridad.<\/p>\n<h2>Lucas 18:9-14: una lectura atenta de la par\u00e1bola del fariseo y el publicano.<\/h2>\n<p>La historia de <b>Lucas 18<\/b>,Los vers\u00edculos 9-14 nos ense\u00f1an algo importante. Este texto nos muestra c\u00f3mo debemos actuar y pensar. Nos invita a reflexionar sobre la verdadera fe.<\/p>\n<h3>Estructura del texto: introducci\u00f3n, par\u00e1bola y conclusi\u00f3n.<\/h3>\n<p>Lucas comienza indic\u00e1ndonos a qui\u00e9nes debemos prestar atenci\u00f3n a esta historia. Habla de dos hombres que fueron a orar. Al final, Jes\u00fas explica qui\u00e9n actu\u00f3 correctamente.<\/p>\n<h3>Comparaci\u00f3n entre las actitudes del fariseo y el recaudador de impuestos.<\/h3>\n<ul>\n<li>El fariseo solo se jacta; no busca el perd\u00f3n.<\/li>\n<li>El recaudador de impuestos muestra humildad y suplica clemencia.<\/li>\n<li>Esta diferencia muestra dos maneras de vivir la fe.<\/li>\n<\/ul>\n<h3>Mensaje teol\u00f3gico de la conclusi\u00f3n<\/h3>\n<p>Jes\u00fas dice que la aceptaci\u00f3n no se consigue mediante la ostentaci\u00f3n, sino con humildad y arrepentimiento.<\/p>\n<p>La verdadera oraci\u00f3n nace de un coraz\u00f3n sincero. Esta historia nos ense\u00f1a esto, pues nos muestra el valor de la humildad ante Dios.<\/p>\n<h2>La humildad cristiana a la luz de la interpretaci\u00f3n de Frei Gilvander Moreira.<\/h2>\n<p>Fray Gilvander Moreira relaciona la par\u00e1bola de Lucas con las realidades del poder y la exclusi\u00f3n. Demuestra que la verdadera fe se expresa m\u00e1s internamente que externamente. Esto aclara c\u00f3mo la humildad cristiana transforma nuestras relaciones.<\/p>\n<h3>El peligro de la religiosidad autorreferencial<\/h3>\n<p>Gilvander critica la religiosidad egoc\u00e9ntrica, que convierte los rituales religiosos en marcas personales. Esta actitud valora la imagen, el control social y el juicio hacia los dem\u00e1s. Esto crea grupos fr\u00edos y sin \u00e9tica, advierte.<\/p>\n<h3>La autenticidad de la oraci\u00f3n del recaudador de impuestos<\/h3>\n<p>La verdadera oraci\u00f3n del recaudador de impuestos nace de reconocer sus faltas y confiar en la misericordia divina. Sus gestos de humildad y arrepentimiento demuestran su sinceridad. Para Gilvander, esta es la esencia de la humildad cristiana que conduce a la reconciliaci\u00f3n.<\/p>\n<h3>Cr\u00edtica del farise\u00edsmo y justificaci\u00f3n mediante obras<\/h3>\n<p>Fray Gilvander critica el farise\u00edsmo, al que considera una exagerada autoexaltaci\u00f3n. Seguir las reglas al pie de la letra no significa estar m\u00e1s cerca de Dios, sobre todo si es para la autoexaltaci\u00f3n. Tambi\u00e9n condena la conexi\u00f3n entre el farise\u00edsmo, el poder y la injusticia, citando textos b\u00edblicos sobre la riqueza.<\/p>\n<ul>\n<li>La humildad cristiana exige una transformaci\u00f3n concreta de las actitudes.<\/li>\n<li>La oraci\u00f3n aut\u00e9ntica se traduce en actos de justicia y solidaridad.<\/li>\n<li>Combatir la religiosidad autorreferencial implica promover la inclusi\u00f3n y el respeto.<\/li>\n<\/ul>\n<p>Gilvander anima a las comunidades a vivir su fe haciendo hincapi\u00e9 en la \u00e9tica. Su visi\u00f3n transforma la reflexi\u00f3n en acci\u00f3n social, destacando un humanismo centrado en la justicia y la dignidad para todos.<\/p>\n<h2>Implicaciones pr\u00e1cticas: \u00e9tica, solidaridad y humanismo cristiano.<\/h2>\n<p>La par\u00e1bola del fariseo y el publicano nos ense\u00f1a mucho sobre la \u00e9tica cristiana. Nos muestra c\u00f3mo debemos vivir con humildad y ayudar a los d\u00e9biles. Esta historia nos ense\u00f1a qu\u00e9 hacer en nuestra vida diaria para seguir este mensaje.<\/p>\n<h3>Humildad en las relaciones sociales y comunitarias.<\/h3>\n<p>Ser humilde significa saber escuchar y estar presente. Los cristianos deben acompa\u00f1ar a los dem\u00e1s, compartir sus historias y comprender sus propias limitaciones. Esto derriba las barreras de poder y fomenta la confianza.<\/p>\n<p>Las comunidades que practican esta humildad son espacios seguros para expresarse con sinceridad. Los grupos de apoyo y solidaridad combaten la vanidad y promueven la verdadera humildad.<\/p>\n<h3>Una religi\u00f3n comprometida con la justicia y la solidaridad.<\/h3>\n<p>La verdadera fe impulsa pol\u00edticas y acciones de justicia y solidaridad. Las iglesias y los grupos pueden luchar contra la exclusi\u00f3n y la desigualdad.<\/p>\n<p>Ayudar en bancos de alimentos y apoyar a cooperativas son ejemplos de acciones pr\u00e1cticas. Estas actitudes demuestran un compromiso cristiano con el pr\u00f3jimo y con el mundo.<\/p>\n<h3>Conversi\u00f3n continua y crecimiento espiritual<\/h3>\n<p>El camino espiritual implica una vigilancia constante. El orgullo puede desviarnos, por lo que necesitamos oraci\u00f3n, reflexi\u00f3n y penitencia para mantenernos en el camino correcto.<\/p>\n<p>Las tradiciones espirituales y los sacramentos nos ayudan a crecer. Este crecimiento nos lleva a actuar por el bien com\u00fan, reconociendo que el m\u00e9rito no es \u00fanicamente nuestro.<\/p>\n<ul>\n<li>Valorar la gracia al servir a la comunidad.<\/li>\n<li>Fomenta la solidaridad local y participa en los consejos comunitarios.<\/li>\n<li>Fomentar el di\u00e1logo interreligioso para una mayor inclusi\u00f3n.<\/li>\n<li>Considerar la protecci\u00f3n del medio ambiente como parte del humanismo cristiano.<\/li>\n<\/ul>\n<p>Practicar esta \u00e9tica requiere valent\u00eda y esfuerzo. Pero al hacerlo, la comunidad percibe una fe activa. Una fe capaz de reconstruir los lazos sociales y fomentar un cambio positivo.<\/p>\n<h2>Aplicaciones pastorales y comunitarias para el Brasil contempor\u00e1neo.<\/h2>\n<p>La par\u00e1bola del fariseo y el publicano inspira acciones pastorales que sanan las heridas sociales. En Brasil, las comunidades deben acoger a quienes se quedan atr\u00e1s. Utilizan gestos de reconciliaci\u00f3n y est\u00e1n presentes en la vida de las personas. Esto contribuye enormemente a la pastoral de la misericordia y la inclusi\u00f3n social.<\/p>\n<h3>Atenci\u00f3n pastoral de misericordia e inclusi\u00f3n.<\/h3>\n<p>Las comunidades pueden ayudar a quienes lo necesitan, como los pobres, los migrantes y las personas sin hogar. Crean espacios para escuchar los problemas de las personas y ofrecerles apoyo. Ayudar a los dem\u00e1s y orar son la base de la atenci\u00f3n pastoral basada en la misericordia.<\/p>\n<p>Los proyectos que empoderan a las personas mejoran la inclusi\u00f3n social. Las parroquias trabajan con CEBI y CPT para capacitar l\u00edderes y ofrecer apoyo.<\/p>\n<h3>Entrenamiento contra el farise\u00edsmo moderno<\/h3>\n<p>Es importante contar con cursos religiosos que ense\u00f1en sobre la humildad. En ellos se habla de los fariseos y se anima a las personas a reflexionar sobre s\u00ed mismas. Esto ayuda a evitar el orgullo excesivo.<\/p>\n<p>La gu\u00eda espiritual y los grupos de debate contribuyen a la formaci\u00f3n de personas humildes. Esta escuela de fe conecta las ense\u00f1anzas b\u00edblicas con la lucha por la justicia.<\/p>\n<h3>Ejemplos pr\u00e1cticos de actos de solidaridad.<\/h3>\n<ul>\n<li>Iniciativas comunitarias de limpieza y reparaci\u00f3n en zonas desfavorecidas.<\/li>\n<li>Redes para el intercambio de alimentos y cooperativas de econom\u00eda solidaria.<\/li>\n<li>Asistencia legal para quienes m\u00e1s la necesitan.<\/li>\n<li>Proyectos para la protecci\u00f3n del medio ambiente en colaboraci\u00f3n con las parroquias.<\/li>\n<li>Colaborar con movimientos y organizaciones sociales para promover pol\u00edticas p\u00fablicas.<\/li>\n<\/ul>\n<p>Estas acciones ayudan a fortalecer los lazos comunitarios y a demostrar la bondad del evangelio. Personas capacitadas difunden la fe y transforman la sociedad.<\/p>\n<p>Los m\u00e9todos pastorales eficaces combinan apoyo, celebraciones sencillas y la lucha por la inclusi\u00f3n. La transparencia, la sencillez y la participaci\u00f3n activa en las comunidades son fundamentales para la pastoral de la misericordia.<\/p>\n<h2>Conclusi\u00f3n<\/h2>\n<p>La historia de <b>Lucas 18<\/b>,Los vers\u00edculos 9-14 nos muestran que ser verdaderamente religioso significa ser humilde, arrepentido y estar abierto a la gracia. Contrastan al fariseo, que se considera superior a los dem\u00e1s, con el recaudador de impuestos, que admite sus errores y suplica misericordia.<\/p>\n<p>Esta ense\u00f1anza nos anima a ser humildes y a vivir nuestra fe mediante actos de justicia y solidaridad. En las comunidades brasile\u00f1as, esto significa usar nuestra fe para hacer el bien, ayudar a los dem\u00e1s y evitar el orgullo o juzgar a los dem\u00e1s.<\/p>\n<p>La lectura de obras como las de Frei Gilvander Moreira y el seguimiento de las tradiciones de predicaci\u00f3n pueden orientar las actividades en iglesias y comunidades. El mensaje central es la necesidad de evolucionar siempre para mejor, de evitar comportarse como los fariseos de hoy en d\u00eda y de seguir un camino de transformaci\u00f3n personal y social.<\/p>\n<p>La historia nos llama a reconocer nuestras faltas, a buscar la misericordia y a esforzarnos por un humanismo cristiano que valore a todos. Existe la promesa de que quienes se humillan ser\u00e1n finalmente exaltados. Este concepto nos motiva a vivir activamente nuestra fe, buscando sinceramente mejorar la sociedad.<\/p>","protected":false},"excerpt":{"rendered":"<p>Evangelho (Lc\u00a018,9-14):\u00a0Para alguns que confiavam na sua pr\u00f3pria justi\u00e7a e desprezavam os outros, Jesus contou esta par\u00e1bola: \u00abDois homens subiram ao templo&#8230;<\/p>","protected":false},"author":22,"featured_media":0,"comment_status":"closed","ping_status":"closed","sticky":false,"template":"","format":"standard","meta":{"ghostkit_customizer_options":"","ghostkit_custom_css":"","ghostkit_custom_js_head":"","ghostkit_custom_js_foot":"","ghostkit_typography":"","footnotes":""},"categories":[11],"tags":[2183,2186,2184,1326,2185],"class_list":["post-19073","post","type-post","status-publish","format-standard","hentry","category-evangelho-do-dia","tag-arrependimento-e-humildade","tag-fariseu-e-publicano-na-biblia","tag-licao-de-humildade-em-lucas-18","tag-parabola-do-fariseu-e-do-publicano","tag-reflexao-espiritual-em-lucas-189-14","entry"],"yoast_head":"<!-- This site is optimized with the Yoast SEO plugin v27.4 - https:\/\/yoast.com\/product\/yoast-seo-wordpress\/ -->\n<title>Reflex\u00e3o Inspiradora em Lc 18,9-14 e Humildade<\/title>\n<meta name=\"description\" content=\"Descubra uma profunda reflex\u00e3o sobre humildade e f\u00e9 atrav\u00e9s de Lc 18,9-14, um texto b\u00edblico que inspira e transforma cora\u00e7\u00f5es.\" \/>\n<meta name=\"robots\" content=\"index, follow, max-snippet:-1, max-image-preview:large, max-video-preview:-1\" \/>\n<link rel=\"canonical\" href=\"http:\/\/bencaodiaria.club\/es\/reflexao-inspiradora-em-lc-189-14-e-humildade\/\" \/>\n<meta property=\"og:locale\" content=\"es_MX\" \/>\n<meta property=\"og:type\" content=\"article\" \/>\n<meta property=\"og:title\" content=\"Reflex\u00e3o Inspiradora em Lc 18,9-14 e Humildade\" \/>\n<meta property=\"og:description\" content=\"Descubra uma profunda reflex\u00e3o sobre humildade e f\u00e9 atrav\u00e9s de Lc 18,9-14, um texto b\u00edblico que inspira e transforma cora\u00e7\u00f5es.\" \/>\n<meta property=\"og:url\" content=\"http:\/\/bencaodiaria.club\/es\/reflexao-inspiradora-em-lc-189-14-e-humildade\/\" \/>\n<meta property=\"og:site_name\" content=\"Ben\u00e7\u00e3o Di\u00e1ria\" \/>\n<meta property=\"article:published_time\" content=\"2026-03-14T13:52:00+00:00\" \/>\n<meta name=\"author\" content=\"Jessica Titoneli\" \/>\n<meta name=\"twitter:card\" content=\"summary_large_image\" \/>\n<meta name=\"twitter:label1\" content=\"Escrito por\" \/>\n\t<meta name=\"twitter:data1\" content=\"Jessica Titoneli\" \/>\n\t<meta name=\"twitter:label2\" content=\"Tiempo de lectura\" \/>\n\t<meta name=\"twitter:data2\" content=\"9 minutos\" \/>\n<script type=\"application\/ld+json\" class=\"yoast-schema-graph\">{\"@context\":\"https:\\\/\\\/schema.org\",\"@graph\":[{\"@type\":\"Article\",\"@id\":\"http:\\\/\\\/bencaodiaria.club\\\/reflexao-inspiradora-em-lc-189-14-e-humildade\\\/#article\",\"isPartOf\":{\"@id\":\"http:\\\/\\\/bencaodiaria.club\\\/reflexao-inspiradora-em-lc-189-14-e-humildade\\\/\"},\"author\":{\"name\":\"Jessica Titoneli\",\"@id\":\"https:\\\/\\\/bencaodiaria.club\\\/#\\\/schema\\\/person\\\/b9ad19b6a01c5811ac0aa50868df56d0\"},\"headline\":\"Reflex\u00e3o Inspiradora em Lc 18,9-14 e Humildade\",\"datePublished\":\"2026-03-14T13:52:00+00:00\",\"mainEntityOfPage\":{\"@id\":\"http:\\\/\\\/bencaodiaria.club\\\/reflexao-inspiradora-em-lc-189-14-e-humildade\\\/\"},\"wordCount\":1755,\"publisher\":{\"@id\":\"https:\\\/\\\/bencaodiaria.club\\\/#organization\"},\"keywords\":[\"Arrependimento e Humildade\",\"Fariseu e Publicano na B\u00edblia\",\"Li\u00e7\u00e3o de Humildade em Lucas 18\",\"Par\u00e1bola do Fariseu e do Publicano\",\"Reflex\u00e3o Espiritual em Lucas 18:9-14\"],\"articleSection\":[\"Evangelho do Dia\"],\"inLanguage\":\"es\"},{\"@type\":\"WebPage\",\"@id\":\"http:\\\/\\\/bencaodiaria.club\\\/reflexao-inspiradora-em-lc-189-14-e-humildade\\\/\",\"url\":\"http:\\\/\\\/bencaodiaria.club\\\/reflexao-inspiradora-em-lc-189-14-e-humildade\\\/\",\"name\":\"Reflex\u00e3o Inspiradora em Lc 18,9-14 e Humildade\",\"isPartOf\":{\"@id\":\"https:\\\/\\\/bencaodiaria.club\\\/#website\"},\"datePublished\":\"2026-03-14T13:52:00+00:00\",\"description\":\"Descubra uma profunda reflex\u00e3o sobre humildade e f\u00e9 atrav\u00e9s de Lc 18,9-14, um texto b\u00edblico que inspira e transforma cora\u00e7\u00f5es.\",\"breadcrumb\":{\"@id\":\"http:\\\/\\\/bencaodiaria.club\\\/reflexao-inspiradora-em-lc-189-14-e-humildade\\\/#breadcrumb\"},\"inLanguage\":\"es\",\"potentialAction\":[{\"@type\":\"ReadAction\",\"target\":[\"http:\\\/\\\/bencaodiaria.club\\\/reflexao-inspiradora-em-lc-189-14-e-humildade\\\/\"]}]},{\"@type\":\"BreadcrumbList\",\"@id\":\"http:\\\/\\\/bencaodiaria.club\\\/reflexao-inspiradora-em-lc-189-14-e-humildade\\\/#breadcrumb\",\"itemListElement\":[{\"@type\":\"ListItem\",\"position\":1,\"name\":\"Home\",\"item\":\"https:\\\/\\\/bencaodiaria.club\\\/\"},{\"@type\":\"ListItem\",\"position\":2,\"name\":\"Reflex\u00e3o Inspiradora em Lc 18,9-14 e Humildade\"}]},{\"@type\":\"WebSite\",\"@id\":\"https:\\\/\\\/bencaodiaria.club\\\/#website\",\"url\":\"https:\\\/\\\/bencaodiaria.club\\\/\",\"name\":\"Ben\u00e7\u00e3o Di\u00e1ria\",\"description\":\"A Palavra de Deus todos os dias\",\"publisher\":{\"@id\":\"https:\\\/\\\/bencaodiaria.club\\\/#organization\"},\"potentialAction\":[{\"@type\":\"SearchAction\",\"target\":{\"@type\":\"EntryPoint\",\"urlTemplate\":\"https:\\\/\\\/bencaodiaria.club\\\/?s={search_term_string}\"},\"query-input\":{\"@type\":\"PropertyValueSpecification\",\"valueRequired\":true,\"valueName\":\"search_term_string\"}}],\"inLanguage\":\"es\"},{\"@type\":\"Organization\",\"@id\":\"https:\\\/\\\/bencaodiaria.club\\\/#organization\",\"name\":\"Ben\u00e7\u00e3o Di\u00e1ria\",\"url\":\"https:\\\/\\\/bencaodiaria.club\\\/\",\"logo\":{\"@type\":\"ImageObject\",\"inLanguage\":\"es\",\"@id\":\"https:\\\/\\\/bencaodiaria.club\\\/#\\\/schema\\\/logo\\\/image\\\/\",\"url\":\"https:\\\/\\\/bencaodiaria.club\\\/wp-content\\\/uploads\\\/2020\\\/06\\\/LOGO-MOBILE.png\",\"contentUrl\":\"https:\\\/\\\/bencaodiaria.club\\\/wp-content\\\/uploads\\\/2020\\\/06\\\/LOGO-MOBILE.png\",\"width\":100,\"height\":40,\"caption\":\"Ben\u00e7\u00e3o Di\u00e1ria\"},\"image\":{\"@id\":\"https:\\\/\\\/bencaodiaria.club\\\/#\\\/schema\\\/logo\\\/image\\\/\"}},{\"@type\":\"Person\",\"@id\":\"https:\\\/\\\/bencaodiaria.club\\\/#\\\/schema\\\/person\\\/b9ad19b6a01c5811ac0aa50868df56d0\",\"name\":\"Jessica Titoneli\",\"image\":{\"@type\":\"ImageObject\",\"inLanguage\":\"es\",\"@id\":\"https:\\\/\\\/secure.gravatar.com\\\/avatar\\\/a92a905d4caf55baa150fd7400e0dd9d4351a69e597a4b4f2315b595ca17b78f?s=96&d=mm&r=g\",\"url\":\"https:\\\/\\\/secure.gravatar.com\\\/avatar\\\/a92a905d4caf55baa150fd7400e0dd9d4351a69e597a4b4f2315b595ca17b78f?s=96&d=mm&r=g\",\"contentUrl\":\"https:\\\/\\\/secure.gravatar.com\\\/avatar\\\/a92a905d4caf55baa150fd7400e0dd9d4351a69e597a4b4f2315b595ca17b78f?s=96&d=mm&r=g\",\"caption\":\"Jessica Titoneli\"},\"url\":\"https:\\\/\\\/bencaodiaria.club\\\/es\\\/author\\\/jessica\\\/\"}]}<\/script>\n<!-- \/ Yoast SEO plugin. -->","yoast_head_json":{"title":"Reflexi\u00f3n inspiradora sobre Lucas 18:9-14 y la humildad","description":"Descubra uma profunda reflex\u00e3o sobre humildade e f\u00e9 atrav\u00e9s de Lc 18,9-14, um texto b\u00edblico que inspira e transforma cora\u00e7\u00f5es.","robots":{"index":"index","follow":"follow","max-snippet":"max-snippet:-1","max-image-preview":"max-image-preview:large","max-video-preview":"max-video-preview:-1"},"canonical":"http:\/\/bencaodiaria.club\/es\/reflexao-inspiradora-em-lc-189-14-e-humildade\/","og_locale":"es_MX","og_type":"article","og_title":"Reflex\u00e3o Inspiradora em Lc 18,9-14 e Humildade","og_description":"Descubra uma profunda reflex\u00e3o sobre humildade e f\u00e9 atrav\u00e9s de Lc 18,9-14, um texto b\u00edblico que inspira e transforma cora\u00e7\u00f5es.","og_url":"http:\/\/bencaodiaria.club\/es\/reflexao-inspiradora-em-lc-189-14-e-humildade\/","og_site_name":"Ben\u00e7\u00e3o Di\u00e1ria","article_published_time":"2026-03-14T13:52:00+00:00","author":"Jessica Titoneli","twitter_card":"summary_large_image","twitter_misc":{"Escrito por":"Jessica Titoneli","Tiempo de lectura":"9 minutos"},"schema":{"@context":"https:\/\/schema.org","@graph":[{"@type":"Article","@id":"http:\/\/bencaodiaria.club\/reflexao-inspiradora-em-lc-189-14-e-humildade\/#article","isPartOf":{"@id":"http:\/\/bencaodiaria.club\/reflexao-inspiradora-em-lc-189-14-e-humildade\/"},"author":{"name":"Jessica Titoneli","@id":"https:\/\/bencaodiaria.club\/#\/schema\/person\/b9ad19b6a01c5811ac0aa50868df56d0"},"headline":"Reflex\u00e3o Inspiradora em Lc 18,9-14 e Humildade","datePublished":"2026-03-14T13:52:00+00:00","mainEntityOfPage":{"@id":"http:\/\/bencaodiaria.club\/reflexao-inspiradora-em-lc-189-14-e-humildade\/"},"wordCount":1755,"publisher":{"@id":"https:\/\/bencaodiaria.club\/#organization"},"keywords":["Arrependimento e Humildade","Fariseu e Publicano na B\u00edblia","Li\u00e7\u00e3o de Humildade em Lucas 18","Par\u00e1bola do Fariseu e do Publicano","Reflex\u00e3o Espiritual em Lucas 18:9-14"],"articleSection":["Evangelho do Dia"],"inLanguage":"es"},{"@type":"WebPage","@id":"http:\/\/bencaodiaria.club\/reflexao-inspiradora-em-lc-189-14-e-humildade\/","url":"http:\/\/bencaodiaria.club\/reflexao-inspiradora-em-lc-189-14-e-humildade\/","name":"Reflexi\u00f3n inspiradora sobre Lucas 18:9-14 y la humildad","isPartOf":{"@id":"https:\/\/bencaodiaria.club\/#website"},"datePublished":"2026-03-14T13:52:00+00:00","description":"Descubra uma profunda reflex\u00e3o sobre humildade e f\u00e9 atrav\u00e9s de Lc 18,9-14, um texto b\u00edblico que inspira e transforma cora\u00e7\u00f5es.","breadcrumb":{"@id":"http:\/\/bencaodiaria.club\/reflexao-inspiradora-em-lc-189-14-e-humildade\/#breadcrumb"},"inLanguage":"es","potentialAction":[{"@type":"ReadAction","target":["http:\/\/bencaodiaria.club\/reflexao-inspiradora-em-lc-189-14-e-humildade\/"]}]},{"@type":"BreadcrumbList","@id":"http:\/\/bencaodiaria.club\/reflexao-inspiradora-em-lc-189-14-e-humildade\/#breadcrumb","itemListElement":[{"@type":"ListItem","position":1,"name":"Home","item":"https:\/\/bencaodiaria.club\/"},{"@type":"ListItem","position":2,"name":"Reflex\u00e3o Inspiradora em Lc 18,9-14 e Humildade"}]},{"@type":"WebSite","@id":"https:\/\/bencaodiaria.club\/#website","url":"https:\/\/bencaodiaria.club\/","name":"Bendici\u00f3n diaria","description":"La Palabra de Dios cada d\u00eda.","publisher":{"@id":"https:\/\/bencaodiaria.club\/#organization"},"potentialAction":[{"@type":"SearchAction","target":{"@type":"EntryPoint","urlTemplate":"https:\/\/bencaodiaria.club\/?s={search_term_string}"},"query-input":{"@type":"PropertyValueSpecification","valueRequired":true,"valueName":"search_term_string"}}],"inLanguage":"es"},{"@type":"Organization","@id":"https:\/\/bencaodiaria.club\/#organization","name":"Bendici\u00f3n diaria","url":"https:\/\/bencaodiaria.club\/","logo":{"@type":"ImageObject","inLanguage":"es","@id":"https:\/\/bencaodiaria.club\/#\/schema\/logo\/image\/","url":"https:\/\/bencaodiaria.club\/wp-content\/uploads\/2020\/06\/LOGO-MOBILE.png","contentUrl":"https:\/\/bencaodiaria.club\/wp-content\/uploads\/2020\/06\/LOGO-MOBILE.png","width":100,"height":40,"caption":"Ben\u00e7\u00e3o Di\u00e1ria"},"image":{"@id":"https:\/\/bencaodiaria.club\/#\/schema\/logo\/image\/"}},{"@type":"Person","@id":"https:\/\/bencaodiaria.club\/#\/schema\/person\/b9ad19b6a01c5811ac0aa50868df56d0","name":"Jessica Titoneli","image":{"@type":"ImageObject","inLanguage":"es","@id":"https:\/\/secure.gravatar.com\/avatar\/a92a905d4caf55baa150fd7400e0dd9d4351a69e597a4b4f2315b595ca17b78f?s=96&d=mm&r=g","url":"https:\/\/secure.gravatar.com\/avatar\/a92a905d4caf55baa150fd7400e0dd9d4351a69e597a4b4f2315b595ca17b78f?s=96&d=mm&r=g","contentUrl":"https:\/\/secure.gravatar.com\/avatar\/a92a905d4caf55baa150fd7400e0dd9d4351a69e597a4b4f2315b595ca17b78f?s=96&d=mm&r=g","caption":"Jessica Titoneli"},"url":"https:\/\/bencaodiaria.club\/es\/author\/jessica\/"}]}},"brizy_media":[],"_links":{"self":[{"href":"https:\/\/bencaodiaria.club\/es\/wp-json\/wp\/v2\/posts\/19073","targetHints":{"allow":["GET"]}}],"collection":[{"href":"https:\/\/bencaodiaria.club\/es\/wp-json\/wp\/v2\/posts"}],"about":[{"href":"https:\/\/bencaodiaria.club\/es\/wp-json\/wp\/v2\/types\/post"}],"author":[{"embeddable":true,"href":"https:\/\/bencaodiaria.club\/es\/wp-json\/wp\/v2\/users\/22"}],"replies":[{"embeddable":true,"href":"https:\/\/bencaodiaria.club\/es\/wp-json\/wp\/v2\/comments?post=19073"}],"version-history":[{"count":1,"href":"https:\/\/bencaodiaria.club\/es\/wp-json\/wp\/v2\/posts\/19073\/revisions"}],"predecessor-version":[{"id":19075,"href":"https:\/\/bencaodiaria.club\/es\/wp-json\/wp\/v2\/posts\/19073\/revisions\/19075"}],"wp:attachment":[{"href":"https:\/\/bencaodiaria.club\/es\/wp-json\/wp\/v2\/media?parent=19073"}],"wp:term":[{"taxonomy":"category","embeddable":true,"href":"https:\/\/bencaodiaria.club\/es\/wp-json\/wp\/v2\/categories?post=19073"},{"taxonomy":"post_tag","embeddable":true,"href":"https:\/\/bencaodiaria.club\/es\/wp-json\/wp\/v2\/tags?post=19073"}],"curies":[{"name":"wp","href":"https:\/\/api.w.org\/{rel}","templated":true}]}}